{"id":1487,"date":"2023-04-08T19:53:44","date_gmt":"2023-04-08T22:53:44","guid":{"rendered":"http:\/\/localhost\/anuario\/?p=1487"},"modified":"2023-04-08T19:53:44","modified_gmt":"2023-04-08T22:53:44","slug":"viaje-de-estudios-a-italia","status":"publish","type":"post","link":"https:\/\/carlossteeb.edu.ar\/anuario\/2022\/viaje-de-estudios-a-italia\/","title":{"rendered":"VIAJE DE ESTUDIOS A ITALIA"},"content":{"rendered":"<p><div class=\"fusion-fullwidth fullwidth-box fusion-builder-row-1 fusion-flex-container has-pattern-background has-mask-background nonhundred-percent-fullwidth non-hundred-percent-height-scrolling\" style=\"--awb-border-radius-top-left:0px;--awb-border-radius-top-right:0px;--awb-border-radius-bottom-right:0px;--awb-border-radius-bottom-left:0px;--awb-margin-top:12px;--awb-margin-bottom:18px;--awb-flex-wrap:wrap;\" ><div class=\"fusion-builder-row fusion-row fusion-flex-align-items-flex-start fusion-flex-content-wrap\" style=\"max-width:1248px;margin-left: calc(-4% \/ 2 );margin-right: calc(-4% \/ 2 );\"><div class=\"fusion-layout-column fusion_builder_column fusion-builder-column-0 fusion_builder_column_1_6 1_6 fusion-flex-column fusion-flex-align-self-stretch\" style=\"--awb-bg-size:cover;--awb-width-large:16.666666666667%;--awb-margin-top-large:0px;--awb-spacing-right-large:11.52%;--awb-margin-bottom-large:20px;--awb-spacing-left-large:11.52%;--awb-width-medium:16.666666666667%;--awb-order-medium:0;--awb-spacing-right-medium:11.52%;--awb-spacing-left-medium:11.52%;--awb-width-small:100%;--awb-order-small:0;--awb-spacing-right-small:1.92%;--awb-spacing-left-small:1.92%;\"><div class=\"fusion-column-wrapper fusion-column-has-shadow fusion-flex-justify-content-flex-start fusion-content-layout-column\"><i class=\"fb-icon-element-1 fb-icon-element fontawesome-icon fa-align-left fas circle-no icon-hover-animation-pulsate\" style=\"--awb-iconcolor:var(--awb-custom15);--awb-iconcolor-hover:var(--awb-custom15);--awb-font-size:57px;--awb-margin-top:0;--awb-margin-right:0;--awb-margin-bottom:0;--awb-margin-left:28.5px;--awb-align-self:flex-end;\"><\/i><\/div><\/div><div class=\"fusion-layout-column fusion_builder_column fusion-builder-column-1 fusion_builder_column_3_4 3_4 fusion-flex-column fusion-flex-align-self-stretch\" style=\"--awb-bg-size:cover;--awb-width-large:75%;--awb-margin-top-large:0px;--awb-spacing-right-large:2.56%;--awb-margin-bottom-large:20px;--awb-spacing-left-large:2.56%;--awb-width-medium:75%;--awb-order-medium:0;--awb-spacing-right-medium:2.56%;--awb-spacing-left-medium:2.56%;--awb-width-small:100%;--awb-order-small:0;--awb-spacing-right-small:1.92%;--awb-spacing-left-small:1.92%;\"><div class=\"fusion-column-wrapper fusion-column-has-shadow fusion-flex-justify-content-flex-start fusion-content-layout-column\"><div class=\"fusion-text fusion-text-1\"><p>\u00a1Lleg\u00f3 el viaje tan deseado!<\/p>\n<p>Hace muchos a\u00f1os ya que comenz\u00f3 este sue\u00f1o que logramos concretar durante este a\u00f1o.\u00a0 Los alumnos y alumnas que egresaron en el ciclo lectivo 2021 viajaron a Italia acompa\u00f1ados por la Prof. Daniela Orge.\u00a0 Recorrieron varias ciudades de Italia, disfrutaron de los paisajes y las experiencias culturales y pudieron visitar otros colegios y la casa de la congregaci\u00f3n. Una experiencia realmente inolvidable para todos. Agradecemos a la docente por su compromiso,<\/p>\n<\/div><\/div><\/div><\/div><\/div><div class=\"fusion-fullwidth fullwidth-box fusion-builder-row-2 fusion-flex-container has-pattern-background has-mask-background nonhundred-percent-fullwidth non-hundred-percent-height-scrolling\" style=\"--awb-border-radius-top-left:0px;--awb-border-radius-top-right:0px;--awb-border-radius-bottom-right:0px;--awb-border-radius-bottom-left:0px;--awb-flex-wrap:wrap;\" ><div class=\"fusion-builder-row fusion-row fusion-flex-align-items-flex-start fusion-flex-content-wrap\" style=\"max-width:1248px;margin-left: calc(-4% \/ 2 );margin-right: calc(-4% \/ 2 );\"><div class=\"fusion-layout-column fusion_builder_column fusion-builder-column-2 fusion_builder_column_1_1 1_1 fusion-flex-column\" style=\"--awb-bg-size:cover;--awb-width-large:100%;--awb-margin-top-large:0px;--awb-spacing-right-large:1.92%;--awb-margin-bottom-large:20px;--awb-spacing-left-large:1.92%;--awb-width-medium:100%;--awb-order-medium:0;--awb-spacing-right-medium:1.92%;--awb-spacing-left-medium:1.92%;--awb-width-small:100%;--awb-order-small:0;--awb-spacing-right-small:1.92%;--awb-spacing-left-small:1.92%;\"><div class=\"fusion-column-wrapper fusion-column-has-shadow fusion-flex-justify-content-flex-start fusion-content-layout-column\"><div class=\"awb-gallery-wrapper awb-gallery-wrapper-1 button-span-no\" style=\"--more-btn-alignment:center;\"><div style=\"margin:-5px;--awb-bordersize:0px;--awb-border-radius:10px;--awb-caption-title-color:rgba(234,234,234,0);--awb-caption-text-color:rgba(255,255,255,0);--awb-caption-overlay-color:var(--awb-color5);\" class=\"fusion-gallery fusion-gallery-container fusion-grid-4 fusion-columns-total-4 fusion-gallery-layout-grid fusion-gallery-1\"><div style=\"padding:5px;\" class=\"fusion-grid-column fusion-gallery-column fusion-gallery-column-4\"><div class=\"fusion-gallery-image awb-imageframe-style awb-imageframe-style-navin\"><a href=\"https:\/\/carlossteeb.edu.ar\/anuario\/2022\/wp-content\/uploads\/2023\/04\/viaje-de-estudios-a-Italia-3.jpg\" rel=\"noreferrer\" data-rel=\"iLightbox[gallery_image_1]\" class=\"fusion-lightbox\" target=\"_self\"><img decoding=\"async\" src=\"https:\/\/carlossteeb.edu.ar\/anuario\/2022\/wp-content\/uploads\/2023\/04\/viaje-de-estudios-a-Italia-3.jpg\" width=\"1442\" height=\"1080\" alt=\"\" title=\"viaje de estudios a Italia-3\" aria-label=\"viaje de estudios a Italia-3\" class=\"img-responsive wp-image-325\"  \/><div class=\"awb-imageframe-caption-container\"><div class=\"awb-imageframe-caption\"><h2 class=\"awb-imageframe-caption-title\">viaje de estudios a Italia-3<\/h2><\/div><\/div><\/a><\/div><\/div><div style=\"padding:5px;\" class=\"fusion-grid-column fusion-gallery-column fusion-gallery-column-4\"><div class=\"fusion-gallery-image awb-imageframe-style awb-imageframe-style-navin\"><a href=\"https:\/\/carlossteeb.edu.ar\/anuario\/2022\/wp-content\/uploads\/2023\/04\/viaje-de-estudios-a-Italia-2.jpg\" rel=\"noreferrer\" data-rel=\"iLightbox[gallery_image_1]\" class=\"fusion-lightbox\" target=\"_self\"><img decoding=\"async\" src=\"https:\/\/carlossteeb.edu.ar\/anuario\/2022\/wp-content\/uploads\/2023\/04\/viaje-de-estudios-a-Italia-2.jpg\" width=\"1444\" height=\"1080\" alt=\"\" title=\"viaje de estudios a Italia-2\" aria-label=\"viaje de estudios a Italia-2\" class=\"img-responsive wp-image-324\"  \/><div class=\"awb-imageframe-caption-container\"><div class=\"awb-imageframe-caption\"><h2 class=\"awb-imageframe-caption-title\">viaje de estudios a Italia-2<\/h2><\/div><\/div><\/a><\/div><\/div><div style=\"padding:5px;\" class=\"fusion-grid-column fusion-gallery-column fusion-gallery-column-4\"><div class=\"fusion-gallery-image awb-imageframe-style awb-imageframe-style-navin\"><a href=\"https:\/\/carlossteeb.edu.ar\/anuario\/2022\/wp-content\/uploads\/2023\/04\/viaje-de-estudios-a-Italia-1.jpg\" rel=\"noreferrer\" data-rel=\"iLightbox[gallery_image_1]\" class=\"fusion-lightbox\" target=\"_self\"><img decoding=\"async\" src=\"https:\/\/carlossteeb.edu.ar\/anuario\/2022\/wp-content\/uploads\/2023\/04\/viaje-de-estudios-a-Italia-1.jpg\" width=\"1444\" height=\"1080\" alt=\"\" title=\"viaje de estudios a Italia-1\" aria-label=\"viaje de estudios a Italia-1\" class=\"img-responsive wp-image-323\"  \/><div class=\"awb-imageframe-caption-container\"><div class=\"awb-imageframe-caption\"><h2 class=\"awb-imageframe-caption-title\">viaje de estudios a Italia-1<\/h2><\/div><\/div><\/a><\/div><\/div><div style=\"padding:5px;\" class=\"fusion-grid-column fusion-gallery-column fusion-gallery-column-4\"><div class=\"fusion-gallery-image awb-imageframe-style awb-imageframe-style-navin\"><a href=\"https:\/\/carlossteeb.edu.ar\/anuario\/2022\/wp-content\/uploads\/2023\/04\/viaje-de-estudios-a-Italia-4.jpg\" rel=\"noreferrer\" data-rel=\"iLightbox[gallery_image_1]\" class=\"fusion-lightbox\" target=\"_self\"><img decoding=\"async\" src=\"https:\/\/carlossteeb.edu.ar\/anuario\/2022\/wp-content\/uploads\/2023\/04\/viaje-de-estudios-a-Italia-4.jpg\" width=\"1442\" height=\"1080\" alt=\"\" title=\"viaje de estudios a Italia-4\" aria-label=\"viaje de estudios a Italia-4\" class=\"img-responsive wp-image-322\"  \/><div class=\"awb-imageframe-caption-container\"><div class=\"awb-imageframe-caption\"><h2 class=\"awb-imageframe-caption-title\">viaje de estudios a Italia-4<\/h2><\/div><\/div><\/a><\/div><\/div><div class=\"clearfix\"><\/div><\/div><\/div><\/div><\/div><\/div><\/div><\/p>\n","protected":false},"excerpt":{"rendered":"","protected":false},"author":2,"featured_media":323,"comment_status":"open","ping_status":"closed","sticky":false,"template":"","format":"standard","meta":{"footnotes":""},"categories":[5],"tags":[],"class_list":["post-1487","post","type-post","status-publish","format-standard","has-post-thumbnail","hentry","category-nivel-medio"],"_links":{"self":[{"href":"https:\/\/carlossteeb.edu.ar\/anuario\/2022\/wp-json\/wp\/v2\/posts\/1487","targetHints":{"allow":["GET"]}}],"collection":[{"href":"https:\/\/carlossteeb.edu.ar\/anuario\/2022\/wp-json\/wp\/v2\/posts"}],"about":[{"href":"https:\/\/carlossteeb.edu.ar\/anuario\/2022\/wp-json\/wp\/v2\/types\/post"}],"author":[{"embeddable":true,"href":"https:\/\/carlossteeb.edu.ar\/anuario\/2022\/wp-json\/wp\/v2\/users\/2"}],"replies":[{"embeddable":true,"href":"https:\/\/carlossteeb.edu.ar\/anuario\/2022\/wp-json\/wp\/v2\/comments?post=1487"}],"version-history":[{"count":1,"href":"https:\/\/carlossteeb.edu.ar\/anuario\/2022\/wp-json\/wp\/v2\/posts\/1487\/revisions"}],"predecessor-version":[{"id":1488,"href":"https:\/\/carlossteeb.edu.ar\/anuario\/2022\/wp-json\/wp\/v2\/posts\/1487\/revisions\/1488"}],"wp:featuredmedia":[{"embeddable":true,"href":"https:\/\/carlossteeb.edu.ar\/anuario\/2022\/wp-json\/wp\/v2\/media\/323"}],"wp:attachment":[{"href":"https:\/\/carlossteeb.edu.ar\/anuario\/2022\/wp-json\/wp\/v2\/media?parent=1487"}],"wp:term":[{"taxonomy":"category","embeddable":true,"href":"https:\/\/carlossteeb.edu.ar\/anuario\/2022\/wp-json\/wp\/v2\/categories?post=1487"},{"taxonomy":"post_tag","embeddable":true,"href":"https:\/\/carlossteeb.edu.ar\/anuario\/2022\/wp-json\/wp\/v2\/tags?post=1487"}],"curies":[{"name":"wp","href":"https:\/\/api.w.org\/{rel}","templated":true}]}}