{"id":1491,"date":"2023-04-08T19:55:00","date_gmt":"2023-04-08T22:55:00","guid":{"rendered":"http:\/\/localhost\/anuario\/?p=1491"},"modified":"2023-04-21T18:06:01","modified_gmt":"2023-04-21T21:06:01","slug":"visitamos-el-museo-del-holocausto","status":"publish","type":"post","link":"https:\/\/carlossteeb.edu.ar\/anuario\/2022\/visitamos-el-museo-del-holocausto\/","title":{"rendered":"VISITAMOS EL MUSEO DEL HOLOCAUSTO"},"content":{"rendered":"<p><div class=\"fusion-fullwidth fullwidth-box fusion-builder-row-1 fusion-flex-container has-pattern-background has-mask-background nonhundred-percent-fullwidth non-hundred-percent-height-scrolling\" style=\"--awb-border-radius-top-left:0px;--awb-border-radius-top-right:0px;--awb-border-radius-bottom-right:0px;--awb-border-radius-bottom-left:0px;--awb-margin-top:12px;--awb-margin-bottom:18px;--awb-flex-wrap:wrap;\" ><div class=\"fusion-builder-row fusion-row fusion-flex-align-items-flex-start fusion-flex-content-wrap\" style=\"max-width:1248px;margin-left: calc(-4% \/ 2 );margin-right: calc(-4% \/ 2 );\"><div class=\"fusion-layout-column fusion_builder_column fusion-builder-column-0 fusion_builder_column_1_6 1_6 fusion-flex-column fusion-flex-align-self-stretch\" style=\"--awb-bg-size:cover;--awb-width-large:16.666666666667%;--awb-margin-top-large:0px;--awb-spacing-right-large:11.52%;--awb-margin-bottom-large:20px;--awb-spacing-left-large:11.52%;--awb-width-medium:16.666666666667%;--awb-order-medium:0;--awb-spacing-right-medium:11.52%;--awb-spacing-left-medium:11.52%;--awb-width-small:100%;--awb-order-small:0;--awb-spacing-right-small:1.92%;--awb-spacing-left-small:1.92%;\"><div class=\"fusion-column-wrapper fusion-column-has-shadow fusion-flex-justify-content-flex-start fusion-content-layout-column\"><i class=\"fb-icon-element-1 fb-icon-element fontawesome-icon fa-align-left fas circle-no icon-hover-animation-pulsate\" style=\"--awb-iconcolor:var(--awb-custom15);--awb-iconcolor-hover:var(--awb-custom15);--awb-font-size:57px;--awb-margin-top:0;--awb-margin-right:0;--awb-margin-bottom:0;--awb-margin-left:28.5px;--awb-align-self:flex-end;\"><\/i><\/div><\/div><div class=\"fusion-layout-column fusion_builder_column fusion-builder-column-1 fusion_builder_column_3_4 3_4 fusion-flex-column fusion-flex-align-self-stretch\" style=\"--awb-bg-size:cover;--awb-width-large:75%;--awb-margin-top-large:0px;--awb-spacing-right-large:2.56%;--awb-margin-bottom-large:20px;--awb-spacing-left-large:2.56%;--awb-width-medium:75%;--awb-order-medium:0;--awb-spacing-right-medium:2.56%;--awb-spacing-left-medium:2.56%;--awb-width-small:100%;--awb-order-small:0;--awb-spacing-right-small:1.92%;--awb-spacing-left-small:1.92%;\"><div class=\"fusion-column-wrapper fusion-column-has-shadow fusion-flex-justify-content-flex-start fusion-content-layout-column\"><div class=\"fusion-text fusion-text-1\"><p>En el mes de junio los alumnos y alumnas de 4 a\u00f1o visitaron el Museo del Holocausto con el objetivo de trabajar contenidos curriculares de las materias Historia y Sociolog\u00eda.<\/p>\n<p>Los docentes. Gustavo Martuccio y Diego De Carolis planificaron y acompa\u00f1aron esta propuesta que profundiz\u00f3 los saberes de los chicos y en muchos casos los llev\u00f3 a reflexionar sobre sus propias ra\u00edces familiares.<\/p>\n<\/div><\/div><\/div><\/div><\/div><div class=\"fusion-fullwidth fullwidth-box fusion-builder-row-2 fusion-flex-container has-pattern-background has-mask-background nonhundred-percent-fullwidth non-hundred-percent-height-scrolling\" style=\"--awb-border-radius-top-left:0px;--awb-border-radius-top-right:0px;--awb-border-radius-bottom-right:0px;--awb-border-radius-bottom-left:0px;--awb-flex-wrap:wrap;\" ><div class=\"fusion-builder-row fusion-row fusion-flex-align-items-flex-start fusion-flex-content-wrap\" style=\"max-width:1248px;margin-left: calc(-4% \/ 2 );margin-right: calc(-4% \/ 2 );\"><div class=\"fusion-layout-column fusion_builder_column fusion-builder-column-2 fusion_builder_column_1_1 1_1 fusion-flex-column\" style=\"--awb-bg-size:cover;--awb-width-large:100%;--awb-margin-top-large:0px;--awb-spacing-right-large:1.92%;--awb-margin-bottom-large:20px;--awb-spacing-left-large:1.92%;--awb-width-medium:100%;--awb-order-medium:0;--awb-spacing-right-medium:1.92%;--awb-spacing-left-medium:1.92%;--awb-width-small:100%;--awb-order-small:0;--awb-spacing-right-small:1.92%;--awb-spacing-left-small:1.92%;\"><div class=\"fusion-column-wrapper fusion-column-has-shadow fusion-flex-justify-content-flex-start fusion-content-layout-column\"><div class=\"awb-gallery-wrapper awb-gallery-wrapper-1 button-span-no\" style=\"--more-btn-alignment:center;\"><div style=\"margin:-5px;--awb-bordersize:0px;--awb-border-radius:10px;--awb-caption-title-color:rgba(234,234,234,0);--awb-caption-text-color:rgba(255,255,255,0);--awb-caption-overlay-color:var(--awb-color5);\" class=\"fusion-gallery fusion-gallery-container fusion-grid-4 fusion-columns-total-5 fusion-gallery-layout-grid fusion-gallery-1\"><div style=\"padding:5px;\" class=\"fusion-grid-column fusion-gallery-column fusion-gallery-column-4\"><div class=\"fusion-gallery-image awb-imageframe-style awb-imageframe-style-navin\"><a href=\"https:\/\/carlossteeb.edu.ar\/anuario\/2022\/wp-content\/uploads\/2023\/04\/museo-holocausto-05.jpg\" rel=\"noreferrer\" data-rel=\"iLightbox[gallery_image_1]\" class=\"fusion-lightbox\" target=\"_self\"><img decoding=\"async\" src=\"https:\/\/carlossteeb.edu.ar\/anuario\/2022\/wp-content\/uploads\/2023\/04\/museo-holocausto-05.jpg\" width=\"1200\" height=\"1600\" alt=\"\" title=\"museo-holocausto-05\" aria-label=\"museo-holocausto-05\" class=\"img-responsive wp-image-1916\" srcset=\"https:\/\/carlossteeb.edu.ar\/anuario\/2022\/wp-content\/uploads\/2023\/04\/museo-holocausto-05-200x267.jpg 200w, https:\/\/carlossteeb.edu.ar\/anuario\/2022\/wp-content\/uploads\/2023\/04\/museo-holocausto-05-400x533.jpg 400w, https:\/\/carlossteeb.edu.ar\/anuario\/2022\/wp-content\/uploads\/2023\/04\/museo-holocausto-05-600x800.jpg 600w, https:\/\/carlossteeb.edu.ar\/anuario\/2022\/wp-content\/uploads\/2023\/04\/museo-holocausto-05-800x1067.jpg 800w, https:\/\/carlossteeb.edu.ar\/anuario\/2022\/wp-content\/uploads\/2023\/04\/museo-holocausto-05.jpg 1200w\" sizes=\"(min-width: 2200px) 100vw, (min-width: 856px) 296px, (min-width: 784px) 395px, (min-width: 712px) 593px, (min-width: 640px) 712px, \" \/><div class=\"awb-imageframe-caption-container\"><div class=\"awb-imageframe-caption\"><h2 class=\"awb-imageframe-caption-title\">museo-holocausto-05<\/h2><\/div><\/div><\/a><\/div><\/div><div style=\"padding:5px;\" class=\"fusion-grid-column fusion-gallery-column fusion-gallery-column-4\"><div class=\"fusion-gallery-image awb-imageframe-style awb-imageframe-style-navin\"><a href=\"https:\/\/carlossteeb.edu.ar\/anuario\/2022\/wp-content\/uploads\/2023\/04\/museo-holocausto-04.jpg\" rel=\"noreferrer\" data-rel=\"iLightbox[gallery_image_1]\" class=\"fusion-lightbox\" target=\"_self\"><img decoding=\"async\" src=\"https:\/\/carlossteeb.edu.ar\/anuario\/2022\/wp-content\/uploads\/2023\/04\/museo-holocausto-04.jpg\" width=\"768\" height=\"1024\" alt=\"\" title=\"museo-holocausto-04\" aria-label=\"museo-holocausto-04\" class=\"img-responsive wp-image-1915\" srcset=\"https:\/\/carlossteeb.edu.ar\/anuario\/2022\/wp-content\/uploads\/2023\/04\/museo-holocausto-04-200x267.jpg 200w, https:\/\/carlossteeb.edu.ar\/anuario\/2022\/wp-content\/uploads\/2023\/04\/museo-holocausto-04-400x533.jpg 400w, https:\/\/carlossteeb.edu.ar\/anuario\/2022\/wp-content\/uploads\/2023\/04\/museo-holocausto-04-600x800.jpg 600w, https:\/\/carlossteeb.edu.ar\/anuario\/2022\/wp-content\/uploads\/2023\/04\/museo-holocausto-04.jpg 768w\" sizes=\"(min-width: 2200px) 100vw, (min-width: 856px) 296px, (min-width: 784px) 395px, (min-width: 712px) 593px, (min-width: 640px) 712px, \" \/><div class=\"awb-imageframe-caption-container\"><div class=\"awb-imageframe-caption\"><h2 class=\"awb-imageframe-caption-title\">museo-holocausto-04<\/h2><\/div><\/div><\/a><\/div><\/div><div style=\"padding:5px;\" class=\"fusion-grid-column fusion-gallery-column fusion-gallery-column-4\"><div class=\"fusion-gallery-image awb-imageframe-style awb-imageframe-style-navin\"><a href=\"https:\/\/carlossteeb.edu.ar\/anuario\/2022\/wp-content\/uploads\/2023\/04\/museo-holocausto-03.jpg\" rel=\"noreferrer\" data-rel=\"iLightbox[gallery_image_1]\" class=\"fusion-lightbox\" target=\"_self\"><img decoding=\"async\" src=\"https:\/\/carlossteeb.edu.ar\/anuario\/2022\/wp-content\/uploads\/2023\/04\/museo-holocausto-03.jpg\" width=\"1200\" height=\"1600\" alt=\"\" title=\"museo-holocausto-03\" aria-label=\"museo-holocausto-03\" class=\"img-responsive wp-image-1914\" srcset=\"https:\/\/carlossteeb.edu.ar\/anuario\/2022\/wp-content\/uploads\/2023\/04\/museo-holocausto-03-200x267.jpg 200w, https:\/\/carlossteeb.edu.ar\/anuario\/2022\/wp-content\/uploads\/2023\/04\/museo-holocausto-03-400x533.jpg 400w, https:\/\/carlossteeb.edu.ar\/anuario\/2022\/wp-content\/uploads\/2023\/04\/museo-holocausto-03-600x800.jpg 600w, https:\/\/carlossteeb.edu.ar\/anuario\/2022\/wp-content\/uploads\/2023\/04\/museo-holocausto-03-800x1067.jpg 800w, https:\/\/carlossteeb.edu.ar\/anuario\/2022\/wp-content\/uploads\/2023\/04\/museo-holocausto-03.jpg 1200w\" sizes=\"(min-width: 2200px) 100vw, (min-width: 856px) 296px, (min-width: 784px) 395px, (min-width: 712px) 593px, (min-width: 640px) 712px, \" \/><div class=\"awb-imageframe-caption-container\"><div class=\"awb-imageframe-caption\"><h2 class=\"awb-imageframe-caption-title\">museo-holocausto-03<\/h2><\/div><\/div><\/a><\/div><\/div><div style=\"padding:5px;\" class=\"fusion-grid-column fusion-gallery-column fusion-gallery-column-4\"><div class=\"fusion-gallery-image awb-imageframe-style awb-imageframe-style-navin\"><a href=\"https:\/\/carlossteeb.edu.ar\/anuario\/2022\/wp-content\/uploads\/2023\/04\/museo-holocausto-02.jpg\" rel=\"noreferrer\" data-rel=\"iLightbox[gallery_image_1]\" class=\"fusion-lightbox\" target=\"_self\"><img decoding=\"async\" src=\"https:\/\/carlossteeb.edu.ar\/anuario\/2022\/wp-content\/uploads\/2023\/04\/museo-holocausto-02.jpg\" width=\"1200\" height=\"1600\" alt=\"\" title=\"museo-holocausto-02\" aria-label=\"museo-holocausto-02\" class=\"img-responsive wp-image-1913\" srcset=\"https:\/\/carlossteeb.edu.ar\/anuario\/2022\/wp-content\/uploads\/2023\/04\/museo-holocausto-02-200x267.jpg 200w, https:\/\/carlossteeb.edu.ar\/anuario\/2022\/wp-content\/uploads\/2023\/04\/museo-holocausto-02-400x533.jpg 400w, https:\/\/carlossteeb.edu.ar\/anuario\/2022\/wp-content\/uploads\/2023\/04\/museo-holocausto-02-600x800.jpg 600w, https:\/\/carlossteeb.edu.ar\/anuario\/2022\/wp-content\/uploads\/2023\/04\/museo-holocausto-02-800x1067.jpg 800w, https:\/\/carlossteeb.edu.ar\/anuario\/2022\/wp-content\/uploads\/2023\/04\/museo-holocausto-02.jpg 1200w\" sizes=\"(min-width: 2200px) 100vw, (min-width: 856px) 296px, (min-width: 784px) 395px, (min-width: 712px) 593px, (min-width: 640px) 712px, \" \/><div class=\"awb-imageframe-caption-container\"><div class=\"awb-imageframe-caption\"><h2 class=\"awb-imageframe-caption-title\">museo-holocausto-02<\/h2><\/div><\/div><\/a><\/div><\/div><div class=\"clearfix\"><\/div><div style=\"padding:5px;\" class=\"fusion-grid-column fusion-gallery-column fusion-gallery-column-4\"><div class=\"fusion-gallery-image awb-imageframe-style awb-imageframe-style-navin\"><a href=\"https:\/\/carlossteeb.edu.ar\/anuario\/2022\/wp-content\/uploads\/2023\/04\/museo-holocausto-01.jpg\" rel=\"noreferrer\" data-rel=\"iLightbox[gallery_image_1]\" class=\"fusion-lightbox\" target=\"_self\"><img decoding=\"async\" src=\"https:\/\/carlossteeb.edu.ar\/anuario\/2022\/wp-content\/uploads\/2023\/04\/museo-holocausto-01.jpg\" width=\"1200\" height=\"1600\" alt=\"\" title=\"museo-holocausto-01\" aria-label=\"museo-holocausto-01\" class=\"img-responsive wp-image-1912\" srcset=\"https:\/\/carlossteeb.edu.ar\/anuario\/2022\/wp-content\/uploads\/2023\/04\/museo-holocausto-01-200x267.jpg 200w, https:\/\/carlossteeb.edu.ar\/anuario\/2022\/wp-content\/uploads\/2023\/04\/museo-holocausto-01-400x533.jpg 400w, https:\/\/carlossteeb.edu.ar\/anuario\/2022\/wp-content\/uploads\/2023\/04\/museo-holocausto-01-600x800.jpg 600w, https:\/\/carlossteeb.edu.ar\/anuario\/2022\/wp-content\/uploads\/2023\/04\/museo-holocausto-01-800x1067.jpg 800w, https:\/\/carlossteeb.edu.ar\/anuario\/2022\/wp-content\/uploads\/2023\/04\/museo-holocausto-01.jpg 1200w\" sizes=\"(min-width: 2200px) 100vw, (min-width: 856px) 296px, (min-width: 784px) 395px, (min-width: 712px) 593px, (min-width: 640px) 712px, \" \/><div class=\"awb-imageframe-caption-container\"><div class=\"awb-imageframe-caption\"><h2 class=\"awb-imageframe-caption-title\">museo-holocausto-01<\/h2><\/div><\/div><\/a><\/div><\/div><\/div><\/div><\/div><\/div><\/div><\/div><\/p>\n","protected":false},"excerpt":{"rendered":"","protected":false},"author":2,"featured_media":1915,"comment_status":"open","ping_status":"closed","sticky":false,"template":"","format":"standard","meta":{"footnotes":""},"categories":[5],"tags":[],"class_list":["post-1491","post","type-post","status-publish","format-standard","has-post-thumbnail","hentry","category-nivel-medio"],"_links":{"self":[{"href":"https:\/\/carlossteeb.edu.ar\/anuario\/2022\/wp-json\/wp\/v2\/posts\/1491","targetHints":{"allow":["GET"]}}],"collection":[{"href":"https:\/\/carlossteeb.edu.ar\/anuario\/2022\/wp-json\/wp\/v2\/posts"}],"about":[{"href":"https:\/\/carlossteeb.edu.ar\/anuario\/2022\/wp-json\/wp\/v2\/types\/post"}],"author":[{"embeddable":true,"href":"https:\/\/carlossteeb.edu.ar\/anuario\/2022\/wp-json\/wp\/v2\/users\/2"}],"replies":[{"embeddable":true,"href":"https:\/\/carlossteeb.edu.ar\/anuario\/2022\/wp-json\/wp\/v2\/comments?post=1491"}],"version-history":[{"count":3,"href":"https:\/\/carlossteeb.edu.ar\/anuario\/2022\/wp-json\/wp\/v2\/posts\/1491\/revisions"}],"predecessor-version":[{"id":1917,"href":"https:\/\/carlossteeb.edu.ar\/anuario\/2022\/wp-json\/wp\/v2\/posts\/1491\/revisions\/1917"}],"wp:featuredmedia":[{"embeddable":true,"href":"https:\/\/carlossteeb.edu.ar\/anuario\/2022\/wp-json\/wp\/v2\/media\/1915"}],"wp:attachment":[{"href":"https:\/\/carlossteeb.edu.ar\/anuario\/2022\/wp-json\/wp\/v2\/media?parent=1491"}],"wp:term":[{"taxonomy":"category","embeddable":true,"href":"https:\/\/carlossteeb.edu.ar\/anuario\/2022\/wp-json\/wp\/v2\/categories?post=1491"},{"taxonomy":"post_tag","embeddable":true,"href":"https:\/\/carlossteeb.edu.ar\/anuario\/2022\/wp-json\/wp\/v2\/tags?post=1491"}],"curies":[{"name":"wp","href":"https:\/\/api.w.org\/{rel}","templated":true}]}}