{"id":1820,"date":"2023-04-21T14:59:58","date_gmt":"2023-04-21T17:59:58","guid":{"rendered":"https:\/\/carlossteeb.edu.ar\/anuario\/2022\/?p=1820"},"modified":"2023-04-21T17:47:52","modified_gmt":"2023-04-21T20:47:52","slug":"70-anos-de-la-llegada-de-las-hermanas-de-la-misericordia-de-verona-a-la-argentina","status":"publish","type":"post","link":"https:\/\/carlossteeb.edu.ar\/anuario\/2022\/70-anos-de-la-llegada-de-las-hermanas-de-la-misericordia-de-verona-a-la-argentina\/","title":{"rendered":"70 a\u00f1os de la llegada de las hermanas de la  Misericordia de Verona a la Argentina"},"content":{"rendered":"<p><div class=\"fusion-fullwidth fullwidth-box fusion-builder-row-1 fusion-flex-container has-pattern-background has-mask-background nonhundred-percent-fullwidth non-hundred-percent-height-scrolling\" style=\"--awb-border-radius-top-left:0px;--awb-border-radius-top-right:0px;--awb-border-radius-bottom-right:0px;--awb-border-radius-bottom-left:0px;--awb-margin-top:12px;--awb-margin-bottom:18px;--awb-flex-wrap:wrap;\" ><div class=\"fusion-builder-row fusion-row fusion-flex-align-items-flex-start fusion-flex-content-wrap\" style=\"max-width:1248px;margin-left: calc(-4% \/ 2 );margin-right: calc(-4% \/ 2 );\"><div class=\"fusion-layout-column fusion_builder_column fusion-builder-column-0 fusion_builder_column_1_6 1_6 fusion-flex-column fusion-flex-align-self-stretch\" style=\"--awb-bg-size:cover;--awb-width-large:16.666666666667%;--awb-margin-top-large:0px;--awb-spacing-right-large:11.52%;--awb-margin-bottom-large:20px;--awb-spacing-left-large:11.52%;--awb-width-medium:16.666666666667%;--awb-order-medium:0;--awb-spacing-right-medium:11.52%;--awb-spacing-left-medium:11.52%;--awb-width-small:100%;--awb-order-small:0;--awb-spacing-right-small:1.92%;--awb-spacing-left-small:1.92%;\"><div class=\"fusion-column-wrapper fusion-column-has-shadow fusion-flex-justify-content-flex-start fusion-content-layout-column\"><i class=\"fb-icon-element-1 fb-icon-element fontawesome-icon fa-align-left fas circle-no icon-hover-animation-pulsate\" style=\"--awb-iconcolor:var(--awb-custom15);--awb-iconcolor-hover:var(--awb-custom15);--awb-font-size:57px;--awb-margin-top:0;--awb-margin-right:0;--awb-margin-bottom:0;--awb-margin-left:28.5px;--awb-align-self:flex-end;\"><\/i><\/div><\/div><div class=\"fusion-layout-column fusion_builder_column fusion-builder-column-1 fusion_builder_column_3_4 3_4 fusion-flex-column fusion-flex-align-self-stretch\" style=\"--awb-bg-size:cover;--awb-width-large:75%;--awb-margin-top-large:0px;--awb-spacing-right-large:2.56%;--awb-margin-bottom-large:20px;--awb-spacing-left-large:2.56%;--awb-width-medium:75%;--awb-order-medium:0;--awb-spacing-right-medium:2.56%;--awb-spacing-left-medium:2.56%;--awb-width-small:100%;--awb-order-small:0;--awb-spacing-right-small:1.92%;--awb-spacing-left-small:1.92%;\"><div class=\"fusion-column-wrapper fusion-column-has-shadow fusion-flex-justify-content-flex-start fusion-content-layout-column\"><div class=\"fusion-text fusion-text-1\"><p>En este a\u00f1o celebramos la llegada de las hermanas a la Argentina; entre ellas la hna Lauretina que muchos de nosotros hemos conocido y que sigue recordando personas y lugares de este hermoso pa\u00eds y, especialmente, de su paso por esta casa.<\/p>\n<p>Partieron desde G\u00e9nova, en el barco Giulio Giulio C\u00e9sare, el d\u00eda 18 de marzo de 1952 y llegaron al puerto de Buenos Aires el 3 de abril de ese a\u00f1o. Las hermanas Lauretina, Auxiliatrice, Celina, Diomira y Geogita iniciaron la realizaci\u00f3n del sue\u00f1o de Dios para todos: gozar de su misericordia tierna y siempre generosa.<\/p>\n<p>Agradecemos a todas las hermanas por su presencia siempre atenta, gratuita y orante en beneficio de todos aquellos que tenemos la gracia de conocerlas y experimentar los frutos de su cercan\u00eda.<\/p>\n<\/div><\/div><\/div><\/div><\/div><div class=\"fusion-fullwidth fullwidth-box fusion-builder-row-2 fusion-flex-container has-pattern-background has-mask-background nonhundred-percent-fullwidth non-hundred-percent-height-scrolling\" style=\"--awb-border-radius-top-left:0px;--awb-border-radius-top-right:0px;--awb-border-radius-bottom-right:0px;--awb-border-radius-bottom-left:0px;--awb-flex-wrap:wrap;\" ><div class=\"fusion-builder-row fusion-row fusion-flex-align-items-flex-start fusion-flex-content-wrap\" style=\"max-width:1248px;margin-left: calc(-4% \/ 2 );margin-right: calc(-4% \/ 2 );\"><div class=\"fusion-layout-column fusion_builder_column fusion-builder-column-2 fusion_builder_column_1_1 1_1 fusion-flex-column\" style=\"--awb-bg-size:cover;--awb-width-large:100%;--awb-margin-top-large:0px;--awb-spacing-right-large:1.92%;--awb-margin-bottom-large:20px;--awb-spacing-left-large:1.92%;--awb-width-medium:100%;--awb-order-medium:0;--awb-spacing-right-medium:1.92%;--awb-spacing-left-medium:1.92%;--awb-width-small:100%;--awb-order-small:0;--awb-spacing-right-small:1.92%;--awb-spacing-left-small:1.92%;\"><div class=\"fusion-column-wrapper fusion-column-has-shadow fusion-flex-justify-content-flex-start fusion-content-layout-column\"><div class=\"awb-gallery-wrapper awb-gallery-wrapper-1 button-span-no\" style=\"--more-btn-alignment:center;\"><div style=\"margin:-5px;--awb-bordersize:0px;--awb-border-radius:10px;--awb-caption-title-color:rgba(234,234,234,0);--awb-caption-text-color:rgba(255,255,255,0);--awb-caption-overlay-color:var(--awb-color5);\" class=\"fusion-gallery fusion-gallery-container fusion-grid-4 fusion-columns-total-2 fusion-gallery-layout-grid fusion-gallery-1\"><div style=\"padding:5px;\" class=\"fusion-grid-column fusion-gallery-column fusion-gallery-column-4\"><div class=\"fusion-gallery-image awb-imageframe-style awb-imageframe-style-navin\"><a href=\"https:\/\/carlossteeb.edu.ar\/anuario\/2022\/wp-content\/uploads\/2023\/04\/70-anos-de-la-llegada-de-las-hermanas-de-la-Misericordia-de-Verona-a-la-Argentina_02.jpeg\" rel=\"noreferrer\" data-rel=\"iLightbox[gallery_image_1]\" class=\"fusion-lightbox\" target=\"_self\"><img decoding=\"async\" src=\"https:\/\/carlossteeb.edu.ar\/anuario\/2022\/wp-content\/uploads\/2023\/04\/70-anos-de-la-llegada-de-las-hermanas-de-la-Misericordia-de-Verona-a-la-Argentina_02.jpeg\" width=\"1207\" height=\"775\" alt=\"\" title=\"70 a\u00f1os de la llegada de las hermanas de la Misericordia de Verona a la Argentina_02\" aria-label=\"70 a\u00f1os de la llegada de las hermanas de la Misericordia de Verona a la Argentina_02\" class=\"img-responsive wp-image-1822\" srcset=\"https:\/\/carlossteeb.edu.ar\/anuario\/2022\/wp-content\/uploads\/2023\/04\/70-anos-de-la-llegada-de-las-hermanas-de-la-Misericordia-de-Verona-a-la-Argentina_02-200x128.jpeg 200w, https:\/\/carlossteeb.edu.ar\/anuario\/2022\/wp-content\/uploads\/2023\/04\/70-anos-de-la-llegada-de-las-hermanas-de-la-Misericordia-de-Verona-a-la-Argentina_02-400x257.jpeg 400w, https:\/\/carlossteeb.edu.ar\/anuario\/2022\/wp-content\/uploads\/2023\/04\/70-anos-de-la-llegada-de-las-hermanas-de-la-Misericordia-de-Verona-a-la-Argentina_02-600x385.jpeg 600w, https:\/\/carlossteeb.edu.ar\/anuario\/2022\/wp-content\/uploads\/2023\/04\/70-anos-de-la-llegada-de-las-hermanas-de-la-Misericordia-de-Verona-a-la-Argentina_02-800x514.jpeg 800w, https:\/\/carlossteeb.edu.ar\/anuario\/2022\/wp-content\/uploads\/2023\/04\/70-anos-de-la-llegada-de-las-hermanas-de-la-Misericordia-de-Verona-a-la-Argentina_02-1200x771.jpeg 1200w, https:\/\/carlossteeb.edu.ar\/anuario\/2022\/wp-content\/uploads\/2023\/04\/70-anos-de-la-llegada-de-las-hermanas-de-la-Misericordia-de-Verona-a-la-Argentina_02.jpeg 1207w\" sizes=\"(min-width: 2200px) 100vw, (min-width: 856px) 296px, (min-width: 784px) 395px, (min-width: 712px) 593px, (min-width: 640px) 712px, \" \/><div class=\"awb-imageframe-caption-container\"><div class=\"awb-imageframe-caption\"><h2 class=\"awb-imageframe-caption-title\">70 a\u00f1os de la llegada de las hermanas de la Misericordia de Verona a la Argentina_02<\/h2><\/div><\/div><\/a><\/div><\/div><div style=\"padding:5px;\" class=\"fusion-grid-column fusion-gallery-column fusion-gallery-column-4\"><div class=\"fusion-gallery-image awb-imageframe-style awb-imageframe-style-navin\"><a href=\"https:\/\/carlossteeb.edu.ar\/anuario\/2022\/wp-content\/uploads\/2023\/04\/70-anos-de-la-llegada-de-las-hermanas-de-la-Misericordia-de-Verona-a-la-Argentina_01.jpeg\" rel=\"noreferrer\" data-rel=\"iLightbox[gallery_image_1]\" class=\"fusion-lightbox\" target=\"_self\"><img decoding=\"async\" src=\"https:\/\/carlossteeb.edu.ar\/anuario\/2022\/wp-content\/uploads\/2023\/04\/70-anos-de-la-llegada-de-las-hermanas-de-la-Misericordia-de-Verona-a-la-Argentina_01.jpeg\" width=\"986\" height=\"577\" alt=\"\" title=\"70 a\u00f1os de la llegada de las hermanas de la Misericordia de Verona a la Argentina_01\" aria-label=\"70 a\u00f1os de la llegada de las hermanas de la Misericordia de Verona a la Argentina_01\" class=\"img-responsive wp-image-1821\" srcset=\"https:\/\/carlossteeb.edu.ar\/anuario\/2022\/wp-content\/uploads\/2023\/04\/70-anos-de-la-llegada-de-las-hermanas-de-la-Misericordia-de-Verona-a-la-Argentina_01-200x117.jpeg 200w, https:\/\/carlossteeb.edu.ar\/anuario\/2022\/wp-content\/uploads\/2023\/04\/70-anos-de-la-llegada-de-las-hermanas-de-la-Misericordia-de-Verona-a-la-Argentina_01-400x234.jpeg 400w, https:\/\/carlossteeb.edu.ar\/anuario\/2022\/wp-content\/uploads\/2023\/04\/70-anos-de-la-llegada-de-las-hermanas-de-la-Misericordia-de-Verona-a-la-Argentina_01-600x351.jpeg 600w, https:\/\/carlossteeb.edu.ar\/anuario\/2022\/wp-content\/uploads\/2023\/04\/70-anos-de-la-llegada-de-las-hermanas-de-la-Misericordia-de-Verona-a-la-Argentina_01-800x468.jpeg 800w, https:\/\/carlossteeb.edu.ar\/anuario\/2022\/wp-content\/uploads\/2023\/04\/70-anos-de-la-llegada-de-las-hermanas-de-la-Misericordia-de-Verona-a-la-Argentina_01.jpeg 986w\" sizes=\"(min-width: 2200px) 100vw, (min-width: 856px) 296px, (min-width: 784px) 395px, (min-width: 712px) 593px, (min-width: 640px) 712px, \" \/><div class=\"awb-imageframe-caption-container\"><div class=\"awb-imageframe-caption\"><h2 class=\"awb-imageframe-caption-title\">70 a\u00f1os de la llegada de las hermanas de la Misericordia de Verona a la Argentina_01<\/h2><\/div><\/div><\/a><\/div><\/div><\/div><\/div><\/div><\/div><\/div><\/div><\/p>\n","protected":false},"excerpt":{"rendered":"","protected":false},"author":2,"featured_media":1821,"comment_status":"open","ping_status":"closed","sticky":false,"template":"","format":"standard","meta":{"footnotes":""},"categories":[2],"tags":[],"class_list":["post-1820","post","type-post","status-publish","format-standard","has-post-thumbnail","hentry","category-institucional"],"_links":{"self":[{"href":"https:\/\/carlossteeb.edu.ar\/anuario\/2022\/wp-json\/wp\/v2\/posts\/1820","targetHints":{"allow":["GET"]}}],"collection":[{"href":"https:\/\/carlossteeb.edu.ar\/anuario\/2022\/wp-json\/wp\/v2\/posts"}],"about":[{"href":"https:\/\/carlossteeb.edu.ar\/anuario\/2022\/wp-json\/wp\/v2\/types\/post"}],"author":[{"embeddable":true,"href":"https:\/\/carlossteeb.edu.ar\/anuario\/2022\/wp-json\/wp\/v2\/users\/2"}],"replies":[{"embeddable":true,"href":"https:\/\/carlossteeb.edu.ar\/anuario\/2022\/wp-json\/wp\/v2\/comments?post=1820"}],"version-history":[{"count":6,"href":"https:\/\/carlossteeb.edu.ar\/anuario\/2022\/wp-json\/wp\/v2\/posts\/1820\/revisions"}],"predecessor-version":[{"id":1904,"href":"https:\/\/carlossteeb.edu.ar\/anuario\/2022\/wp-json\/wp\/v2\/posts\/1820\/revisions\/1904"}],"wp:featuredmedia":[{"embeddable":true,"href":"https:\/\/carlossteeb.edu.ar\/anuario\/2022\/wp-json\/wp\/v2\/media\/1821"}],"wp:attachment":[{"href":"https:\/\/carlossteeb.edu.ar\/anuario\/2022\/wp-json\/wp\/v2\/media?parent=1820"}],"wp:term":[{"taxonomy":"category","embeddable":true,"href":"https:\/\/carlossteeb.edu.ar\/anuario\/2022\/wp-json\/wp\/v2\/categories?post=1820"},{"taxonomy":"post_tag","embeddable":true,"href":"https:\/\/carlossteeb.edu.ar\/anuario\/2022\/wp-json\/wp\/v2\/tags?post=1820"}],"curies":[{"name":"wp","href":"https:\/\/api.w.org\/{rel}","templated":true}]}}