{"id":1843,"date":"2023-04-21T15:37:48","date_gmt":"2023-04-21T18:37:48","guid":{"rendered":"https:\/\/carlossteeb.edu.ar\/anuario\/2022\/?p=1843"},"modified":"2023-04-21T15:53:53","modified_gmt":"2023-04-21T18:53:53","slug":"feliz-dia-de-los-ex-alumnos","status":"publish","type":"post","link":"https:\/\/carlossteeb.edu.ar\/anuario\/2022\/feliz-dia-de-los-ex-alumnos\/","title":{"rendered":"FELIZ D\u00cdA DE LOS EX ALUMNOS"},"content":{"rendered":"<p><div class=\"fusion-fullwidth fullwidth-box fusion-builder-row-1 fusion-flex-container has-pattern-background has-mask-background nonhundred-percent-fullwidth non-hundred-percent-height-scrolling\" style=\"--awb-border-radius-top-left:0px;--awb-border-radius-top-right:0px;--awb-border-radius-bottom-right:0px;--awb-border-radius-bottom-left:0px;--awb-margin-top:12px;--awb-margin-bottom:18px;--awb-flex-wrap:wrap;\" ><div class=\"fusion-builder-row fusion-row fusion-flex-align-items-flex-start fusion-flex-content-wrap\" style=\"max-width:1248px;margin-left: calc(-4% \/ 2 );margin-right: calc(-4% \/ 2 );\"><div class=\"fusion-layout-column fusion_builder_column fusion-builder-column-0 fusion_builder_column_1_6 1_6 fusion-flex-column fusion-flex-align-self-stretch\" style=\"--awb-bg-size:cover;--awb-width-large:16.666666666667%;--awb-margin-top-large:0px;--awb-spacing-right-large:11.52%;--awb-margin-bottom-large:20px;--awb-spacing-left-large:11.52%;--awb-width-medium:16.666666666667%;--awb-order-medium:0;--awb-spacing-right-medium:11.52%;--awb-spacing-left-medium:11.52%;--awb-width-small:100%;--awb-order-small:0;--awb-spacing-right-small:1.92%;--awb-spacing-left-small:1.92%;\"><div class=\"fusion-column-wrapper fusion-column-has-shadow fusion-flex-justify-content-flex-start fusion-content-layout-column\"><i class=\"fb-icon-element-1 fb-icon-element fontawesome-icon fa-align-left fas circle-no icon-hover-animation-pulsate\" style=\"--awb-iconcolor:var(--awb-custom15);--awb-iconcolor-hover:var(--awb-custom15);--awb-font-size:57px;--awb-margin-top:0;--awb-margin-right:0;--awb-margin-bottom:0;--awb-margin-left:28.5px;--awb-align-self:flex-end;\"><\/i><\/div><\/div><div class=\"fusion-layout-column fusion_builder_column fusion-builder-column-1 fusion_builder_column_3_4 3_4 fusion-flex-column fusion-flex-align-self-stretch\" style=\"--awb-bg-size:cover;--awb-width-large:75%;--awb-margin-top-large:0px;--awb-spacing-right-large:2.56%;--awb-margin-bottom-large:20px;--awb-spacing-left-large:2.56%;--awb-width-medium:75%;--awb-order-medium:0;--awb-spacing-right-medium:2.56%;--awb-spacing-left-medium:2.56%;--awb-width-small:100%;--awb-order-small:0;--awb-spacing-right-small:1.92%;--awb-spacing-left-small:1.92%;\"><div class=\"fusion-column-wrapper fusion-column-has-shadow fusion-flex-justify-content-flex-start fusion-content-layout-column\"><div class=\"fusion-text fusion-text-1\"><p>Como todos los a\u00f1os, el d\u00eda 26 de agosto de este a\u00f1o, celebramos el d\u00eda de los exalumnos de nuestro querido colegio. En esta oportunidad, agasajamos a las promociones que cumplieron 50, 25 y 10 a\u00f1os de egresados.<\/p>\n<p>Tras varios a\u00f1os de interrumpido el festejo producto de la pandemia, este a\u00f1o invitamos y compartimos tambi\u00e9n de manera especial a las promociones que cumplieron 25 y 50 a\u00f1os de egreso en los a\u00f1os 2020 y 2021.<\/p>\n<p>Como es costumbre, luego de agradecer al Se\u00f1or los frutos del paso por la escuela con la celebraci\u00f3n de la Santa Misa, recorrimos las instalaciones de la escuela para volver a visitar esos espacios que los cobijaron durante tantos a\u00f1os.<\/p>\n<p>Y finalmente, \u00a1a celebrar!. Compartimos la tan esperada cena y nos divertimos durante toda la velada.<\/p>\n<\/div><\/div><\/div><\/div><\/div><div class=\"fusion-fullwidth fullwidth-box fusion-builder-row-2 fusion-flex-container has-pattern-background has-mask-background nonhundred-percent-fullwidth non-hundred-percent-height-scrolling\" style=\"--awb-border-radius-top-left:0px;--awb-border-radius-top-right:0px;--awb-border-radius-bottom-right:0px;--awb-border-radius-bottom-left:0px;--awb-flex-wrap:wrap;\" ><div class=\"fusion-builder-row fusion-row fusion-flex-align-items-flex-start fusion-flex-content-wrap\" style=\"max-width:1248px;margin-left: calc(-4% \/ 2 );margin-right: calc(-4% \/ 2 );\"><div class=\"fusion-layout-column fusion_builder_column fusion-builder-column-2 fusion_builder_column_1_1 1_1 fusion-flex-column\" style=\"--awb-bg-size:cover;--awb-width-large:100%;--awb-margin-top-large:0px;--awb-spacing-right-large:1.92%;--awb-margin-bottom-large:20px;--awb-spacing-left-large:1.92%;--awb-width-medium:100%;--awb-order-medium:0;--awb-spacing-right-medium:1.92%;--awb-spacing-left-medium:1.92%;--awb-width-small:100%;--awb-order-small:0;--awb-spacing-right-small:1.92%;--awb-spacing-left-small:1.92%;\"><div class=\"fusion-column-wrapper fusion-column-has-shadow fusion-flex-justify-content-flex-start fusion-content-layout-column\"><div class=\"awb-gallery-wrapper awb-gallery-wrapper-1 button-span-no\" style=\"--more-btn-alignment:center;\"><div style=\"margin:-5px;--awb-bordersize:0px;--awb-border-radius:10px;--awb-caption-title-color:rgba(234,234,234,0);--awb-caption-text-color:rgba(255,255,255,0);--awb-caption-overlay-color:var(--awb-color5);\" class=\"fusion-gallery fusion-gallery-container fusion-grid-4 fusion-columns-total-3 fusion-gallery-layout-grid fusion-gallery-1\"><div style=\"padding:5px;\" class=\"fusion-grid-column fusion-gallery-column fusion-gallery-column-4\"><div class=\"fusion-gallery-image awb-imageframe-style awb-imageframe-style-navin\"><a href=\"https:\/\/carlossteeb.edu.ar\/anuario\/2022\/wp-content\/uploads\/2023\/04\/Ex-alumnos-02.jpeg\" rel=\"noreferrer\" data-rel=\"iLightbox[gallery_image_1]\" class=\"fusion-lightbox\" target=\"_self\"><img decoding=\"async\" src=\"https:\/\/carlossteeb.edu.ar\/anuario\/2022\/wp-content\/uploads\/2023\/04\/Ex-alumnos-02.jpeg\" width=\"1066\" height=\"1600\" alt=\"\" title=\"Ex-alumnos 02\" aria-label=\"Ex-alumnos 02\" class=\"img-responsive wp-image-1846\" srcset=\"https:\/\/carlossteeb.edu.ar\/anuario\/2022\/wp-content\/uploads\/2023\/04\/Ex-alumnos-02-200x300.jpeg 200w, https:\/\/carlossteeb.edu.ar\/anuario\/2022\/wp-content\/uploads\/2023\/04\/Ex-alumnos-02-400x600.jpeg 400w, https:\/\/carlossteeb.edu.ar\/anuario\/2022\/wp-content\/uploads\/2023\/04\/Ex-alumnos-02-600x901.jpeg 600w, https:\/\/carlossteeb.edu.ar\/anuario\/2022\/wp-content\/uploads\/2023\/04\/Ex-alumnos-02-800x1201.jpeg 800w, https:\/\/carlossteeb.edu.ar\/anuario\/2022\/wp-content\/uploads\/2023\/04\/Ex-alumnos-02.jpeg 1066w\" sizes=\"(min-width: 2200px) 100vw, (min-width: 856px) 296px, (min-width: 784px) 395px, (min-width: 712px) 593px, (min-width: 640px) 712px, \" \/><div class=\"awb-imageframe-caption-container\"><div class=\"awb-imageframe-caption\"><h2 class=\"awb-imageframe-caption-title\">Ex-alumnos 02<\/h2><\/div><\/div><\/a><\/div><\/div><div style=\"padding:5px;\" class=\"fusion-grid-column fusion-gallery-column fusion-gallery-column-4\"><div class=\"fusion-gallery-image awb-imageframe-style awb-imageframe-style-navin\"><a href=\"https:\/\/carlossteeb.edu.ar\/anuario\/2022\/wp-content\/uploads\/2023\/04\/Ex-alumnos-01.jpeg\" rel=\"noreferrer\" data-rel=\"iLightbox[gallery_image_1]\" class=\"fusion-lightbox\" target=\"_self\"><img decoding=\"async\" src=\"https:\/\/carlossteeb.edu.ar\/anuario\/2022\/wp-content\/uploads\/2023\/04\/Ex-alumnos-01.jpeg\" width=\"1600\" height=\"1200\" alt=\"\" title=\"Ex-alumnos 01\" aria-label=\"Ex-alumnos 01\" class=\"img-responsive wp-image-1845\" srcset=\"https:\/\/carlossteeb.edu.ar\/anuario\/2022\/wp-content\/uploads\/2023\/04\/Ex-alumnos-01-200x150.jpeg 200w, https:\/\/carlossteeb.edu.ar\/anuario\/2022\/wp-content\/uploads\/2023\/04\/Ex-alumnos-01-400x300.jpeg 400w, https:\/\/carlossteeb.edu.ar\/anuario\/2022\/wp-content\/uploads\/2023\/04\/Ex-alumnos-01-600x450.jpeg 600w, https:\/\/carlossteeb.edu.ar\/anuario\/2022\/wp-content\/uploads\/2023\/04\/Ex-alumnos-01-800x600.jpeg 800w, https:\/\/carlossteeb.edu.ar\/anuario\/2022\/wp-content\/uploads\/2023\/04\/Ex-alumnos-01-1200x900.jpeg 1200w, https:\/\/carlossteeb.edu.ar\/anuario\/2022\/wp-content\/uploads\/2023\/04\/Ex-alumnos-01.jpeg 1600w\" sizes=\"(min-width: 2200px) 100vw, (min-width: 856px) 296px, (min-width: 784px) 395px, (min-width: 712px) 593px, (min-width: 640px) 712px, \" \/><div class=\"awb-imageframe-caption-container\"><div class=\"awb-imageframe-caption\"><h2 class=\"awb-imageframe-caption-title\">Ex-alumnos 01<\/h2><\/div><\/div><\/a><\/div><\/div><div style=\"padding:5px;\" class=\"fusion-grid-column fusion-gallery-column fusion-gallery-column-4\"><div class=\"fusion-gallery-image awb-imageframe-style awb-imageframe-style-navin\"><a href=\"https:\/\/carlossteeb.edu.ar\/anuario\/2022\/wp-content\/uploads\/2023\/04\/Ex-alumnos-03.jpeg\" rel=\"noreferrer\" data-rel=\"iLightbox[gallery_image_1]\" class=\"fusion-lightbox\" target=\"_self\"><img decoding=\"async\" src=\"https:\/\/carlossteeb.edu.ar\/anuario\/2022\/wp-content\/uploads\/2023\/04\/Ex-alumnos-03.jpeg\" width=\"1066\" height=\"1600\" alt=\"\" title=\"Ex-alumnos 03\" aria-label=\"Ex-alumnos 03\" class=\"img-responsive wp-image-1844\" srcset=\"https:\/\/carlossteeb.edu.ar\/anuario\/2022\/wp-content\/uploads\/2023\/04\/Ex-alumnos-03-200x300.jpeg 200w, https:\/\/carlossteeb.edu.ar\/anuario\/2022\/wp-content\/uploads\/2023\/04\/Ex-alumnos-03-400x600.jpeg 400w, https:\/\/carlossteeb.edu.ar\/anuario\/2022\/wp-content\/uploads\/2023\/04\/Ex-alumnos-03-600x901.jpeg 600w, https:\/\/carlossteeb.edu.ar\/anuario\/2022\/wp-content\/uploads\/2023\/04\/Ex-alumnos-03-800x1201.jpeg 800w, https:\/\/carlossteeb.edu.ar\/anuario\/2022\/wp-content\/uploads\/2023\/04\/Ex-alumnos-03.jpeg 1066w\" sizes=\"(min-width: 2200px) 100vw, (min-width: 856px) 296px, (min-width: 784px) 395px, (min-width: 712px) 593px, (min-width: 640px) 712px, \" \/><div class=\"awb-imageframe-caption-container\"><div class=\"awb-imageframe-caption\"><h2 class=\"awb-imageframe-caption-title\">Ex-alumnos 03<\/h2><\/div><\/div><\/a><\/div><\/div><\/div><\/div><\/div><\/div><\/div><\/div><\/p>\n","protected":false},"excerpt":{"rendered":"","protected":false},"author":2,"featured_media":1845,"comment_status":"open","ping_status":"closed","sticky":false,"template":"","format":"standard","meta":{"footnotes":""},"categories":[2],"tags":[],"class_list":["post-1843","post","type-post","status-publish","format-standard","has-post-thumbnail","hentry","category-institucional"],"_links":{"self":[{"href":"https:\/\/carlossteeb.edu.ar\/anuario\/2022\/wp-json\/wp\/v2\/posts\/1843","targetHints":{"allow":["GET"]}}],"collection":[{"href":"https:\/\/carlossteeb.edu.ar\/anuario\/2022\/wp-json\/wp\/v2\/posts"}],"about":[{"href":"https:\/\/carlossteeb.edu.ar\/anuario\/2022\/wp-json\/wp\/v2\/types\/post"}],"author":[{"embeddable":true,"href":"https:\/\/carlossteeb.edu.ar\/anuario\/2022\/wp-json\/wp\/v2\/users\/2"}],"replies":[{"embeddable":true,"href":"https:\/\/carlossteeb.edu.ar\/anuario\/2022\/wp-json\/wp\/v2\/comments?post=1843"}],"version-history":[{"count":2,"href":"https:\/\/carlossteeb.edu.ar\/anuario\/2022\/wp-json\/wp\/v2\/posts\/1843\/revisions"}],"predecessor-version":[{"id":1887,"href":"https:\/\/carlossteeb.edu.ar\/anuario\/2022\/wp-json\/wp\/v2\/posts\/1843\/revisions\/1887"}],"wp:featuredmedia":[{"embeddable":true,"href":"https:\/\/carlossteeb.edu.ar\/anuario\/2022\/wp-json\/wp\/v2\/media\/1845"}],"wp:attachment":[{"href":"https:\/\/carlossteeb.edu.ar\/anuario\/2022\/wp-json\/wp\/v2\/media?parent=1843"}],"wp:term":[{"taxonomy":"category","embeddable":true,"href":"https:\/\/carlossteeb.edu.ar\/anuario\/2022\/wp-json\/wp\/v2\/categories?post=1843"},{"taxonomy":"post_tag","embeddable":true,"href":"https:\/\/carlossteeb.edu.ar\/anuario\/2022\/wp-json\/wp\/v2\/tags?post=1843"}],"curies":[{"name":"wp","href":"https:\/\/api.w.org\/{rel}","templated":true}]}}