{"id":1854,"date":"2023-04-21T15:42:17","date_gmt":"2023-04-21T18:42:17","guid":{"rendered":"https:\/\/carlossteeb.edu.ar\/anuario\/2022\/?p=1854"},"modified":"2023-04-21T15:53:41","modified_gmt":"2023-04-21T18:53:41","slug":"profesion-simple-de-la-hna-geraldine-stalla-bienvenida","status":"publish","type":"post","link":"https:\/\/carlossteeb.edu.ar\/anuario\/2022\/profesion-simple-de-la-hna-geraldine-stalla-bienvenida\/","title":{"rendered":"Profesi\u00f3n simple de la Hna Geraldine Stalla. \u00a1Bienvenida!"},"content":{"rendered":"<p><div class=\"fusion-fullwidth fullwidth-box fusion-builder-row-1 fusion-flex-container has-pattern-background has-mask-background nonhundred-percent-fullwidth non-hundred-percent-height-scrolling\" style=\"--awb-border-radius-top-left:0px;--awb-border-radius-top-right:0px;--awb-border-radius-bottom-right:0px;--awb-border-radius-bottom-left:0px;--awb-flex-wrap:wrap;\" ><div class=\"fusion-builder-row fusion-row fusion-flex-align-items-flex-start fusion-flex-content-wrap\" style=\"max-width:1248px;margin-left: calc(-4% \/ 2 );margin-right: calc(-4% \/ 2 );\"><div class=\"fusion-layout-column fusion_builder_column fusion-builder-column-0 fusion_builder_column_1_1 1_1 fusion-flex-column\" style=\"--awb-bg-size:cover;--awb-width-large:100%;--awb-margin-top-large:0px;--awb-spacing-right-large:1.92%;--awb-margin-bottom-large:20px;--awb-spacing-left-large:1.92%;--awb-width-medium:100%;--awb-order-medium:0;--awb-spacing-right-medium:1.92%;--awb-spacing-left-medium:1.92%;--awb-width-small:100%;--awb-order-small:0;--awb-spacing-right-small:1.92%;--awb-spacing-left-small:1.92%;\"><div class=\"fusion-column-wrapper fusion-column-has-shadow fusion-flex-justify-content-flex-start fusion-content-layout-column\"><div class=\"fusion-image-element \" style=\"--awb-caption-title-font-family:var(--h2_typography-font-family);--awb-caption-title-font-weight:var(--h2_typography-font-weight);--awb-caption-title-font-style:var(--h2_typography-font-style);--awb-caption-title-size:var(--h2_typography-font-size);--awb-caption-title-transform:var(--h2_typography-text-transform);--awb-caption-title-line-height:var(--h2_typography-line-height);--awb-caption-title-letter-spacing:var(--h2_typography-letter-spacing);\"><span class=\" fusion-imageframe imageframe-none imageframe-1 hover-type-none\"><img decoding=\"async\" width=\"1280\" height=\"960\" title=\"Hna Geraldine Stalla\" src=\"https:\/\/carlossteeb.edu.ar\/anuario\/2022\/wp-content\/uploads\/2023\/04\/Hna-Geraldine-Stalla.jpeg\" alt class=\"img-responsive wp-image-1856\" srcset=\"https:\/\/carlossteeb.edu.ar\/anuario\/2022\/wp-content\/uploads\/2023\/04\/Hna-Geraldine-Stalla-200x150.jpeg 200w, https:\/\/carlossteeb.edu.ar\/anuario\/2022\/wp-content\/uploads\/2023\/04\/Hna-Geraldine-Stalla-400x300.jpeg 400w, https:\/\/carlossteeb.edu.ar\/anuario\/2022\/wp-content\/uploads\/2023\/04\/Hna-Geraldine-Stalla-600x450.jpeg 600w, https:\/\/carlossteeb.edu.ar\/anuario\/2022\/wp-content\/uploads\/2023\/04\/Hna-Geraldine-Stalla-800x600.jpeg 800w, https:\/\/carlossteeb.edu.ar\/anuario\/2022\/wp-content\/uploads\/2023\/04\/Hna-Geraldine-Stalla-1200x900.jpeg 1200w, https:\/\/carlossteeb.edu.ar\/anuario\/2022\/wp-content\/uploads\/2023\/04\/Hna-Geraldine-Stalla.jpeg 1280w\" sizes=\"(max-width: 640px) 100vw, 1200px\" \/><\/span><\/div><\/div><\/div><\/div><\/div><div class=\"fusion-fullwidth fullwidth-box fusion-builder-row-2 fusion-flex-container has-pattern-background has-mask-background nonhundred-percent-fullwidth non-hundred-percent-height-scrolling\" style=\"--awb-border-radius-top-left:0px;--awb-border-radius-top-right:0px;--awb-border-radius-bottom-right:0px;--awb-border-radius-bottom-left:0px;--awb-margin-top:12px;--awb-margin-bottom:18px;--awb-flex-wrap:wrap;\" ><div class=\"fusion-builder-row fusion-row fusion-flex-align-items-flex-start fusion-flex-content-wrap\" style=\"max-width:1248px;margin-left: calc(-4% \/ 2 );margin-right: calc(-4% \/ 2 );\"><div class=\"fusion-layout-column fusion_builder_column fusion-builder-column-1 fusion_builder_column_1_6 1_6 fusion-flex-column fusion-flex-align-self-stretch\" style=\"--awb-bg-size:cover;--awb-width-large:16.666666666667%;--awb-margin-top-large:0px;--awb-spacing-right-large:11.52%;--awb-margin-bottom-large:20px;--awb-spacing-left-large:11.52%;--awb-width-medium:16.666666666667%;--awb-order-medium:0;--awb-spacing-right-medium:11.52%;--awb-spacing-left-medium:11.52%;--awb-width-small:100%;--awb-order-small:0;--awb-spacing-right-small:1.92%;--awb-spacing-left-small:1.92%;\"><div class=\"fusion-column-wrapper fusion-column-has-shadow fusion-flex-justify-content-flex-start fusion-content-layout-column\"><i class=\"fb-icon-element-1 fb-icon-element fontawesome-icon fa-align-left fas circle-no icon-hover-animation-pulsate\" style=\"--awb-iconcolor:var(--awb-custom15);--awb-iconcolor-hover:var(--awb-custom15);--awb-font-size:57px;--awb-margin-top:0;--awb-margin-right:0;--awb-margin-bottom:0;--awb-margin-left:28.5px;--awb-align-self:flex-end;\"><\/i><\/div><\/div><div class=\"fusion-layout-column fusion_builder_column fusion-builder-column-2 fusion_builder_column_3_4 3_4 fusion-flex-column fusion-flex-align-self-stretch\" style=\"--awb-bg-size:cover;--awb-width-large:75%;--awb-margin-top-large:0px;--awb-spacing-right-large:2.56%;--awb-margin-bottom-large:20px;--awb-spacing-left-large:2.56%;--awb-width-medium:75%;--awb-order-medium:0;--awb-spacing-right-medium:2.56%;--awb-spacing-left-medium:2.56%;--awb-width-small:100%;--awb-order-small:0;--awb-spacing-right-small:1.92%;--awb-spacing-left-small:1.92%;\"><div class=\"fusion-column-wrapper fusion-column-has-shadow fusion-flex-justify-content-flex-start fusion-content-layout-column\"><div class=\"fusion-text fusion-text-1\"><p>El 25 de marzo de este a\u00f1o, la novicia Geraldine emiti\u00f3 sus primeros votos de obediencia, pobreza y castidad entregando de esta forma su persona y su vida al servicio de la congregaci\u00f3n y de la iglesia como hermana de la Misericordia de Verona.<\/p>\n<p>La celebraci\u00f3n fue presidida por el Obispo Juan Carlos Ares, obispo auxiliar y vicario de la Vicar\u00eda de Devoto de la Arquidi\u00f3cesis de Buenos Aires. Con su homil\u00eda, que fue todo un programa de vida, el obispo anim\u00f3 a Geraldine a vivir como Mar\u00eda pronunciando d\u00eda a d\u00eda su SI al Se\u00f1or como Mar\u00eda en la anunciaci\u00f3n.<\/p>\n<p>La neoprofesa Geraldine fue trasladada a vivir en la comunidad del colegio con mucha alegr\u00eda de las hermanas de la casa. \u00a1Bienvenida!<\/p>\n<\/div><\/div><\/div><\/div><\/div><\/p>\n","protected":false},"excerpt":{"rendered":"","protected":false},"author":2,"featured_media":1856,"comment_status":"open","ping_status":"closed","sticky":false,"template":"","format":"standard","meta":{"footnotes":""},"categories":[2],"tags":[],"class_list":["post-1854","post","type-post","status-publish","format-standard","has-post-thumbnail","hentry","category-institucional"],"_links":{"self":[{"href":"https:\/\/carlossteeb.edu.ar\/anuario\/2022\/wp-json\/wp\/v2\/posts\/1854","targetHints":{"allow":["GET"]}}],"collection":[{"href":"https:\/\/carlossteeb.edu.ar\/anuario\/2022\/wp-json\/wp\/v2\/posts"}],"about":[{"href":"https:\/\/carlossteeb.edu.ar\/anuario\/2022\/wp-json\/wp\/v2\/types\/post"}],"author":[{"embeddable":true,"href":"https:\/\/carlossteeb.edu.ar\/anuario\/2022\/wp-json\/wp\/v2\/users\/2"}],"replies":[{"embeddable":true,"href":"https:\/\/carlossteeb.edu.ar\/anuario\/2022\/wp-json\/wp\/v2\/comments?post=1854"}],"version-history":[{"count":2,"href":"https:\/\/carlossteeb.edu.ar\/anuario\/2022\/wp-json\/wp\/v2\/posts\/1854\/revisions"}],"predecessor-version":[{"id":1884,"href":"https:\/\/carlossteeb.edu.ar\/anuario\/2022\/wp-json\/wp\/v2\/posts\/1854\/revisions\/1884"}],"wp:featuredmedia":[{"embeddable":true,"href":"https:\/\/carlossteeb.edu.ar\/anuario\/2022\/wp-json\/wp\/v2\/media\/1856"}],"wp:attachment":[{"href":"https:\/\/carlossteeb.edu.ar\/anuario\/2022\/wp-json\/wp\/v2\/media?parent=1854"}],"wp:term":[{"taxonomy":"category","embeddable":true,"href":"https:\/\/carlossteeb.edu.ar\/anuario\/2022\/wp-json\/wp\/v2\/categories?post=1854"},{"taxonomy":"post_tag","embeddable":true,"href":"https:\/\/carlossteeb.edu.ar\/anuario\/2022\/wp-json\/wp\/v2\/tags?post=1854"}],"curies":[{"name":"wp","href":"https:\/\/api.w.org\/{rel}","templated":true}]}}